{"id":32,"date":"2013-04-08T12:16:18","date_gmt":"2013-04-08T12:16:18","guid":{"rendered":"http:\/\/www.fondamas.cat\/?p=32"},"modified":"2020-06-15T15:20:43","modified_gmt":"2020-06-15T15:20:43","slug":"contacte","status":"publish","type":"post","link":"https:\/\/www.fondamas.cat\/?p=32","title":{"rendered":"Contacte i Ubicaci\u00f3"},"content":{"rendered":"<h3>\u00a0<a href=\"http:\/\/www.fondamas.cat\/wp-content\/uploads\/2013\/04\/Recepcionista.jpg\"><img loading=\"lazy\" class=\"size-medium wp-image-174 alignleft\" style=\"width: 317px; height: 256px;\" src=\"http:\/\/www.fondamas.cat\/wp-content\/uploads\/2013\/04\/Recepcionista-300x212.jpg\" alt=\"Recepcionista\" width=\"300\" height=\"212\" srcset=\"https:\/\/www.fondamas.cat\/wp-content\/uploads\/2013\/04\/Recepcionista-300x212.jpg 300w, https:\/\/www.fondamas.cat\/wp-content\/uploads\/2013\/04\/Recepcionista.jpg 550w\" sizes=\"(max-width: 300px) 100vw, 300px\" \/><\/a><span style=\"color: #000000;\"><strong><span style=\"text-decoration: underline;\">Dades de contacte:<\/span><\/strong><\/span><\/h3>\n<h3>Direcci\u00f3: Avd. Progr\u00e9s, 2<\/h3>\n<h3>Localitat: Vilaller<\/h3>\n<h3>Provincia: Lleida<\/h3>\n<h3>Tel\u00e8fon: 973 69 80 09<\/h3>\n<h3>E-mail: info@fondamas.cat<\/h3>\n<h3><\/h3>\n<h2><strong><span style=\"color: #000000; text-decoration: underline;\"><span style=\"text-decoration: underline;\">Vilaller <\/span><\/span><\/strong><\/h2>\n<h3>Distancies a llocs d&#8217;interes:<\/h3>\n<h3>&#8211; 9 Km El Pont de Suert ( Capital de comarca )<\/h3>\n<h3>&#8211;\u00a011 Km Vall de Bo\u00ed<\/h3>\n<h3>&#8211;\u00a025 Km Parc Nacional d&#8217;Aig\u00fcestortes<\/h3>\n<h3>&#8211;\u00a045 Km Boi-Taull &#8211; Estaci\u00f3 Sky<\/h3>\n<h3>&#8211;\u00a030 Km Vall d&#8217;Aran (Vielha)<\/h3>\n<h3>&#8211; 50 Km Baqueira Beret &#8211; Estaci\u00f3 Sky<\/h3>\n<h3>&#8211;\u00a060 Km Cerler &#8211; Estaci\u00f3 Sky<\/h3>\n<h3>&#8211; 55 Km Fran\u00e7a<\/h3>\n<h3>&#8211; 110 Km Aeroport Lleida-Alguaire<\/h3>\n<h3>&#8211; 130 Km\u00a0 AVE Lleida-Pirineus<\/h3>\n<h3>&#8211;\u00a0190 Km Toulouse &#8211; Fran\u00e7a\u00a0(Aeroport)<\/h3>\n<h3>&#8211; 280 Km Barcelona (Aeroport)<\/h3>\n<h3>&#8211; 270 Km Zaragoza (Aeroport)<\/h3>\n<h3>&#8211; 310 Km San Sebastian (Aeroport)<\/h3>\n","protected":false},"excerpt":{"rendered":"<p>\u00a0Dades de contacte: Direcci\u00f3: Avd. Progr\u00e9s, 2 Localitat: Vilaller Provincia: Lleida Tel\u00e8fon: 973 69 80 09 E-mail: info@fondamas.cat Vilaller Distancies a llocs d&#8217;interes: &#8211; 9 Km El Pont de Suert ( Capital de comarca ) &#8211;\u00a011 Km Vall de Bo\u00ed &#8211;\u00a025 Km Parc Nacional d&#8217;Aig\u00fcestortes &#8211;\u00a045 Km Boi-Taull &#8211; Estaci\u00f3 Sky &#8211;\u00a030 Km Vall d&#8217;Aran [&hellip;]<\/p>\n","protected":false},"author":3,"featured_media":0,"comment_status":"open","ping_status":"open","sticky":false,"template":"","format":"standard","meta":{"_mo_disable_npp":""},"categories":[14],"tags":[],"_links":{"self":[{"href":"https:\/\/www.fondamas.cat\/index.php?rest_route=\/wp\/v2\/posts\/32"}],"collection":[{"href":"https:\/\/www.fondamas.cat\/index.php?rest_route=\/wp\/v2\/posts"}],"about":[{"href":"https:\/\/www.fondamas.cat\/index.php?rest_route=\/wp\/v2\/types\/post"}],"author":[{"embeddable":true,"href":"https:\/\/www.fondamas.cat\/index.php?rest_route=\/wp\/v2\/users\/3"}],"replies":[{"embeddable":true,"href":"https:\/\/www.fondamas.cat\/index.php?rest_route=%2Fwp%2Fv2%2Fcomments&post=32"}],"version-history":[{"count":13,"href":"https:\/\/www.fondamas.cat\/index.php?rest_route=\/wp\/v2\/posts\/32\/revisions"}],"predecessor-version":[{"id":1016,"href":"https:\/\/www.fondamas.cat\/index.php?rest_route=\/wp\/v2\/posts\/32\/revisions\/1016"}],"wp:attachment":[{"href":"https:\/\/www.fondamas.cat\/index.php?rest_route=%2Fwp%2Fv2%2Fmedia&parent=32"}],"wp:term":[{"taxonomy":"category","embeddable":true,"href":"https:\/\/www.fondamas.cat\/index.php?rest_route=%2Fwp%2Fv2%2Fcategories&post=32"},{"taxonomy":"post_tag","embeddable":true,"href":"https:\/\/www.fondamas.cat\/index.php?rest_route=%2Fwp%2Fv2%2Ftags&post=32"}],"curies":[{"name":"wp","href":"https:\/\/api.w.org\/{rel}","templated":true}]}}